{"id":3400,"date":"2024-02-07T11:30:04","date_gmt":"2024-02-07T10:30:04","guid":{"rendered":"https:\/\/www.eoperations.ch\/?p=3400"},"modified":"2024-03-07T09:14:19","modified_gmt":"2024-03-07T08:14:19","slug":"vskt-it-3","status":"publish","type":"post","link":"https:\/\/www.eoperations.ch\/it\/vskt-it-3\/","title":{"rendered":"ASVC: Lancement op\u00e9rationnel r\u00e9ussi du Bureau TIC"},"content":{"rendered":"<p>Au printemps 2023, sur la base de sa \u00abStrat\u00e9gie TIC 2025+\u00bb et du projet \u00abOrganisation ASVC\u00bb, l&#8217;ASVC a d\u00e9cid\u00e9 de confier la gestion du Bureau TIC \u00e0 eOperations Suisse. Cela dans le but de garantir une utilisation optimale des syst\u00e8mes TIC pour les services v\u00e9t\u00e9rinaires cantonaux de Suisse.<\/p>\n<p>Octobre 2023 a marqu\u00e9 la pose de la premi\u00e8re pierre et le d\u00e9but de l\u2019activit\u00e9 op\u00e9rationnelle. Les t\u00e2ches du bureau sont assur\u00e9es par le responsable TIC et chef de produit ainsi que par une responsable de service. Le lancement a eu lieu avec quatre syst\u00e8mes TIC prioritaires exploit\u00e9s par l&#8217;OSAV.<\/p>\n<p>La cr\u00e9ation et, partant, la consolidation d&#8217;un nouvel organe informatique permettront de traiter les questions transversales li\u00e9es aux TIC et de garantir une mise en \u0153uvre efficace des exigences en mati\u00e8re d\u2019informatique. En outre, le bureau fait office de point de contact central pour les th\u00e8mes li\u00e9s aux TIC pour l&#8217;ASVC et divers services f\u00e9d\u00e9raux.<\/p>\n<p>Florian Frauchiger d&#8217;eOperations Suisse r\u00e9pondra volontiers \u00e0 vos \u00e9ventuelles questions.<\/p>\n","protected":false},"excerpt":{"rendered":"<p>Au printemps 2023, sur la base de sa \u00abStrat\u00e9gie TIC 2025+\u00bb et du projet \u00abOrganisation&#8230;<\/p>\n","protected":false},"author":6,"featured_media":3307,"comment_status":"closed","ping_status":"open","sticky":false,"template":"","format":"standard","meta":{"_acf_changed":false,"footnotes":""},"categories":[24],"tags":[],"class_list":["post-3400","post","type-post","status-publish","format-standard","has-post-thumbnail","hentry","category-news-it"],"acf":[],"yoast_head":"<!-- This site is optimized with the Yoast SEO plugin v27.3 - https:\/\/yoast.com\/product\/yoast-seo-wordpress\/ -->\n<title>ASVC: Lancement op\u00e9rationnel r\u00e9ussi du Bureau TIC - eOperations<\/title>\n<meta name=\"robots\" content=\"index, follow, max-snippet:-1, max-image-preview:large, max-video-preview:-1\" \/>\n<link rel=\"canonical\" href=\"https:\/\/www.eoperations.ch\/it\/vskt-it-3\/\" \/>\n<meta property=\"og:locale\" content=\"it_IT\" \/>\n<meta property=\"og:type\" content=\"article\" \/>\n<meta property=\"og:title\" content=\"ASVC: Lancement op\u00e9rationnel r\u00e9ussi du Bureau TIC - eOperations\" \/>\n<meta property=\"og:description\" content=\"Au printemps 2023, sur la base de sa \u00abStrat\u00e9gie TIC 2025+\u00bb et du projet \u00abOrganisation...\" \/>\n<meta property=\"og:url\" content=\"https:\/\/www.eoperations.ch\/it\/vskt-it-3\/\" \/>\n<meta property=\"og:site_name\" content=\"eOperations\" \/>\n<meta property=\"article:published_time\" content=\"2024-02-07T10:30:04+00:00\" \/>\n<meta property=\"article:modified_time\" content=\"2024-03-07T08:14:19+00:00\" \/>\n<meta property=\"og:image\" content=\"https:\/\/www.eoperations.ch\/wp-content\/uploads\/2024\/01\/young-farmer-taking-care-his-business.jpg\" \/>\n\t<meta property=\"og:image:width\" content=\"1829\" \/>\n\t<meta property=\"og:image:height\" content=\"1229\" \/>\n\t<meta property=\"og:image:type\" content=\"image\/jpeg\" \/>\n<meta name=\"author\" content=\"Luciano Mini\" \/>\n<meta name=\"twitter:card\" content=\"summary_large_image\" \/>\n<meta name=\"twitter:creator\" content=\"@eoperationsCH\" \/>\n<meta name=\"twitter:site\" content=\"@eoperationsCH\" \/>\n<script type=\"application\/ld+json\" class=\"yoast-schema-graph\">{\"@context\":\"https:\\\/\\\/schema.org\",\"@graph\":[{\"@type\":\"Article\",\"@id\":\"https:\\\/\\\/www.eoperations.ch\\\/it\\\/vskt-it-3\\\/#article\",\"isPartOf\":{\"@id\":\"https:\\\/\\\/www.eoperations.ch\\\/it\\\/vskt-it-3\\\/\"},\"author\":{\"name\":\"Luciano Mini\",\"@id\":\"https:\\\/\\\/www.eoperations.ch\\\/it\\\/#\\\/schema\\\/person\\\/8b99e5d31e743507c16e6a77f88cd3e6\"},\"headline\":\"ASVC: Lancement op\u00e9rationnel r\u00e9ussi du Bureau TIC\",\"datePublished\":\"2024-02-07T10:30:04+00:00\",\"dateModified\":\"2024-03-07T08:14:19+00:00\",\"mainEntityOfPage\":{\"@id\":\"https:\\\/\\\/www.eoperations.ch\\\/it\\\/vskt-it-3\\\/\"},\"wordCount\":194,\"publisher\":{\"@id\":\"https:\\\/\\\/www.eoperations.ch\\\/it\\\/#organization\"},\"image\":{\"@id\":\"https:\\\/\\\/www.eoperations.ch\\\/it\\\/vskt-it-3\\\/#primaryimage\"},\"thumbnailUrl\":\"https:\\\/\\\/www.eoperations.ch\\\/wp-content\\\/uploads\\\/2024\\\/01\\\/young-farmer-taking-care-his-business.jpg\",\"articleSection\":[\"News\"],\"inLanguage\":\"it-IT\"},{\"@type\":\"WebPage\",\"@id\":\"https:\\\/\\\/www.eoperations.ch\\\/it\\\/vskt-it-3\\\/\",\"url\":\"https:\\\/\\\/www.eoperations.ch\\\/it\\\/vskt-it-3\\\/\",\"name\":\"ASVC: Lancement op\u00e9rationnel r\u00e9ussi du Bureau TIC - eOperations\",\"isPartOf\":{\"@id\":\"https:\\\/\\\/www.eoperations.ch\\\/it\\\/#website\"},\"primaryImageOfPage\":{\"@id\":\"https:\\\/\\\/www.eoperations.ch\\\/it\\\/vskt-it-3\\\/#primaryimage\"},\"image\":{\"@id\":\"https:\\\/\\\/www.eoperations.ch\\\/it\\\/vskt-it-3\\\/#primaryimage\"},\"thumbnailUrl\":\"https:\\\/\\\/www.eoperations.ch\\\/wp-content\\\/uploads\\\/2024\\\/01\\\/young-farmer-taking-care-his-business.jpg\",\"datePublished\":\"2024-02-07T10:30:04+00:00\",\"dateModified\":\"2024-03-07T08:14:19+00:00\",\"breadcrumb\":{\"@id\":\"https:\\\/\\\/www.eoperations.ch\\\/it\\\/vskt-it-3\\\/#breadcrumb\"},\"inLanguage\":\"it-IT\",\"potentialAction\":[{\"@type\":\"ReadAction\",\"target\":[\"https:\\\/\\\/www.eoperations.ch\\\/it\\\/vskt-it-3\\\/\"]}]},{\"@type\":\"ImageObject\",\"inLanguage\":\"it-IT\",\"@id\":\"https:\\\/\\\/www.eoperations.ch\\\/it\\\/vskt-it-3\\\/#primaryimage\",\"url\":\"https:\\\/\\\/www.eoperations.ch\\\/wp-content\\\/uploads\\\/2024\\\/01\\\/young-farmer-taking-care-his-business.jpg\",\"contentUrl\":\"https:\\\/\\\/www.eoperations.ch\\\/wp-content\\\/uploads\\\/2024\\\/01\\\/young-farmer-taking-care-his-business.jpg\",\"width\":1829,\"height\":1229,\"caption\":\"Digital technology used in chicken coop\"},{\"@type\":\"BreadcrumbList\",\"@id\":\"https:\\\/\\\/www.eoperations.ch\\\/it\\\/vskt-it-3\\\/#breadcrumb\",\"itemListElement\":[{\"@type\":\"ListItem\",\"position\":1,\"name\":\"Startseite\",\"item\":\"https:\\\/\\\/www.eoperations.ch\\\/it\\\/\"},{\"@type\":\"ListItem\",\"position\":2,\"name\":\"ASVC: Lancement op\u00e9rationnel r\u00e9ussi du Bureau TIC\"}]},{\"@type\":\"WebSite\",\"@id\":\"https:\\\/\\\/www.eoperations.ch\\\/it\\\/#website\",\"url\":\"https:\\\/\\\/www.eoperations.ch\\\/it\\\/\",\"name\":\"eOperations\",\"description\":\"\",\"publisher\":{\"@id\":\"https:\\\/\\\/www.eoperations.ch\\\/it\\\/#organization\"},\"potentialAction\":[{\"@type\":\"SearchAction\",\"target\":{\"@type\":\"EntryPoint\",\"urlTemplate\":\"https:\\\/\\\/www.eoperations.ch\\\/it\\\/?s={search_term_string}\"},\"query-input\":{\"@type\":\"PropertyValueSpecification\",\"valueRequired\":true,\"valueName\":\"search_term_string\"}}],\"inLanguage\":\"it-IT\"},{\"@type\":\"Organization\",\"@id\":\"https:\\\/\\\/www.eoperations.ch\\\/it\\\/#organization\",\"name\":\"eOperations Schweiz AG\",\"url\":\"https:\\\/\\\/www.eoperations.ch\\\/it\\\/\",\"logo\":{\"@type\":\"ImageObject\",\"inLanguage\":\"it-IT\",\"@id\":\"https:\\\/\\\/www.eoperations.ch\\\/it\\\/#\\\/schema\\\/logo\\\/image\\\/\",\"url\":\"https:\\\/\\\/www.eoperations.ch\\\/wp-content\\\/uploads\\\/2025\\\/04\\\/EOP_logo.svg\",\"contentUrl\":\"https:\\\/\\\/www.eoperations.ch\\\/wp-content\\\/uploads\\\/2025\\\/04\\\/EOP_logo.svg\",\"width\":1,\"height\":1,\"caption\":\"eOperations Schweiz AG\"},\"image\":{\"@id\":\"https:\\\/\\\/www.eoperations.ch\\\/it\\\/#\\\/schema\\\/logo\\\/image\\\/\"},\"sameAs\":[\"https:\\\/\\\/x.com\\\/eoperationsCH\"]},{\"@type\":\"Person\",\"@id\":\"https:\\\/\\\/www.eoperations.ch\\\/it\\\/#\\\/schema\\\/person\\\/8b99e5d31e743507c16e6a77f88cd3e6\",\"name\":\"Luciano Mini\",\"image\":{\"@type\":\"ImageObject\",\"inLanguage\":\"it-IT\",\"@id\":\"https:\\\/\\\/secure.gravatar.com\\\/avatar\\\/2109cdfd2ceea97c0aa9cfcede8f57fb189c47fb362a8675f44907303374b708?s=96&d=mm&r=g\",\"url\":\"https:\\\/\\\/secure.gravatar.com\\\/avatar\\\/2109cdfd2ceea97c0aa9cfcede8f57fb189c47fb362a8675f44907303374b708?s=96&d=mm&r=g\",\"contentUrl\":\"https:\\\/\\\/secure.gravatar.com\\\/avatar\\\/2109cdfd2ceea97c0aa9cfcede8f57fb189c47fb362a8675f44907303374b708?s=96&d=mm&r=g\",\"caption\":\"Luciano Mini\"}}]}<\/script>\n<!-- \/ Yoast SEO plugin. -->","yoast_head_json":{"title":"ASVC: Lancement op\u00e9rationnel r\u00e9ussi du Bureau TIC - eOperations","robots":{"index":"index","follow":"follow","max-snippet":"max-snippet:-1","max-image-preview":"max-image-preview:large","max-video-preview":"max-video-preview:-1"},"canonical":"https:\/\/www.eoperations.ch\/it\/vskt-it-3\/","og_locale":"it_IT","og_type":"article","og_title":"ASVC: Lancement op\u00e9rationnel r\u00e9ussi du Bureau TIC - eOperations","og_description":"Au printemps 2023, sur la base de sa \u00abStrat\u00e9gie TIC 2025+\u00bb et du projet \u00abOrganisation...","og_url":"https:\/\/www.eoperations.ch\/it\/vskt-it-3\/","og_site_name":"eOperations","article_published_time":"2024-02-07T10:30:04+00:00","article_modified_time":"2024-03-07T08:14:19+00:00","og_image":[{"width":1829,"height":1229,"url":"https:\/\/www.eoperations.ch\/wp-content\/uploads\/2024\/01\/young-farmer-taking-care-his-business.jpg","type":"image\/jpeg"}],"author":"Luciano Mini","twitter_card":"summary_large_image","twitter_creator":"@eoperationsCH","twitter_site":"@eoperationsCH","schema":{"@context":"https:\/\/schema.org","@graph":[{"@type":"Article","@id":"https:\/\/www.eoperations.ch\/it\/vskt-it-3\/#article","isPartOf":{"@id":"https:\/\/www.eoperations.ch\/it\/vskt-it-3\/"},"author":{"name":"Luciano Mini","@id":"https:\/\/www.eoperations.ch\/it\/#\/schema\/person\/8b99e5d31e743507c16e6a77f88cd3e6"},"headline":"ASVC: Lancement op\u00e9rationnel r\u00e9ussi du Bureau TIC","datePublished":"2024-02-07T10:30:04+00:00","dateModified":"2024-03-07T08:14:19+00:00","mainEntityOfPage":{"@id":"https:\/\/www.eoperations.ch\/it\/vskt-it-3\/"},"wordCount":194,"publisher":{"@id":"https:\/\/www.eoperations.ch\/it\/#organization"},"image":{"@id":"https:\/\/www.eoperations.ch\/it\/vskt-it-3\/#primaryimage"},"thumbnailUrl":"https:\/\/www.eoperations.ch\/wp-content\/uploads\/2024\/01\/young-farmer-taking-care-his-business.jpg","articleSection":["News"],"inLanguage":"it-IT"},{"@type":"WebPage","@id":"https:\/\/www.eoperations.ch\/it\/vskt-it-3\/","url":"https:\/\/www.eoperations.ch\/it\/vskt-it-3\/","name":"ASVC: Lancement op\u00e9rationnel r\u00e9ussi du Bureau TIC - eOperations","isPartOf":{"@id":"https:\/\/www.eoperations.ch\/it\/#website"},"primaryImageOfPage":{"@id":"https:\/\/www.eoperations.ch\/it\/vskt-it-3\/#primaryimage"},"image":{"@id":"https:\/\/www.eoperations.ch\/it\/vskt-it-3\/#primaryimage"},"thumbnailUrl":"https:\/\/www.eoperations.ch\/wp-content\/uploads\/2024\/01\/young-farmer-taking-care-his-business.jpg","datePublished":"2024-02-07T10:30:04+00:00","dateModified":"2024-03-07T08:14:19+00:00","breadcrumb":{"@id":"https:\/\/www.eoperations.ch\/it\/vskt-it-3\/#breadcrumb"},"inLanguage":"it-IT","potentialAction":[{"@type":"ReadAction","target":["https:\/\/www.eoperations.ch\/it\/vskt-it-3\/"]}]},{"@type":"ImageObject","inLanguage":"it-IT","@id":"https:\/\/www.eoperations.ch\/it\/vskt-it-3\/#primaryimage","url":"https:\/\/www.eoperations.ch\/wp-content\/uploads\/2024\/01\/young-farmer-taking-care-his-business.jpg","contentUrl":"https:\/\/www.eoperations.ch\/wp-content\/uploads\/2024\/01\/young-farmer-taking-care-his-business.jpg","width":1829,"height":1229,"caption":"Digital technology used in chicken coop"},{"@type":"BreadcrumbList","@id":"https:\/\/www.eoperations.ch\/it\/vskt-it-3\/#breadcrumb","itemListElement":[{"@type":"ListItem","position":1,"name":"Startseite","item":"https:\/\/www.eoperations.ch\/it\/"},{"@type":"ListItem","position":2,"name":"ASVC: Lancement op\u00e9rationnel r\u00e9ussi du Bureau TIC"}]},{"@type":"WebSite","@id":"https:\/\/www.eoperations.ch\/it\/#website","url":"https:\/\/www.eoperations.ch\/it\/","name":"eOperations","description":"","publisher":{"@id":"https:\/\/www.eoperations.ch\/it\/#organization"},"potentialAction":[{"@type":"SearchAction","target":{"@type":"EntryPoint","urlTemplate":"https:\/\/www.eoperations.ch\/it\/?s={search_term_string}"},"query-input":{"@type":"PropertyValueSpecification","valueRequired":true,"valueName":"search_term_string"}}],"inLanguage":"it-IT"},{"@type":"Organization","@id":"https:\/\/www.eoperations.ch\/it\/#organization","name":"eOperations Schweiz AG","url":"https:\/\/www.eoperations.ch\/it\/","logo":{"@type":"ImageObject","inLanguage":"it-IT","@id":"https:\/\/www.eoperations.ch\/it\/#\/schema\/logo\/image\/","url":"https:\/\/www.eoperations.ch\/wp-content\/uploads\/2025\/04\/EOP_logo.svg","contentUrl":"https:\/\/www.eoperations.ch\/wp-content\/uploads\/2025\/04\/EOP_logo.svg","width":1,"height":1,"caption":"eOperations Schweiz AG"},"image":{"@id":"https:\/\/www.eoperations.ch\/it\/#\/schema\/logo\/image\/"},"sameAs":["https:\/\/x.com\/eoperationsCH"]},{"@type":"Person","@id":"https:\/\/www.eoperations.ch\/it\/#\/schema\/person\/8b99e5d31e743507c16e6a77f88cd3e6","name":"Luciano Mini","image":{"@type":"ImageObject","inLanguage":"it-IT","@id":"https:\/\/secure.gravatar.com\/avatar\/2109cdfd2ceea97c0aa9cfcede8f57fb189c47fb362a8675f44907303374b708?s=96&d=mm&r=g","url":"https:\/\/secure.gravatar.com\/avatar\/2109cdfd2ceea97c0aa9cfcede8f57fb189c47fb362a8675f44907303374b708?s=96&d=mm&r=g","contentUrl":"https:\/\/secure.gravatar.com\/avatar\/2109cdfd2ceea97c0aa9cfcede8f57fb189c47fb362a8675f44907303374b708?s=96&d=mm&r=g","caption":"Luciano Mini"}}]}},"_links":{"self":[{"href":"https:\/\/www.eoperations.ch\/it\/wp-json\/wp\/v2\/posts\/3400","targetHints":{"allow":["GET"]}}],"collection":[{"href":"https:\/\/www.eoperations.ch\/it\/wp-json\/wp\/v2\/posts"}],"about":[{"href":"https:\/\/www.eoperations.ch\/it\/wp-json\/wp\/v2\/types\/post"}],"author":[{"embeddable":true,"href":"https:\/\/www.eoperations.ch\/it\/wp-json\/wp\/v2\/users\/6"}],"replies":[{"embeddable":true,"href":"https:\/\/www.eoperations.ch\/it\/wp-json\/wp\/v2\/comments?post=3400"}],"version-history":[{"count":0,"href":"https:\/\/www.eoperations.ch\/it\/wp-json\/wp\/v2\/posts\/3400\/revisions"}],"wp:featuredmedia":[{"embeddable":true,"href":"https:\/\/www.eoperations.ch\/it\/wp-json\/wp\/v2\/media\/3307"}],"wp:attachment":[{"href":"https:\/\/www.eoperations.ch\/it\/wp-json\/wp\/v2\/media?parent=3400"}],"wp:term":[{"taxonomy":"category","embeddable":true,"href":"https:\/\/www.eoperations.ch\/it\/wp-json\/wp\/v2\/categories?post=3400"},{"taxonomy":"post_tag","embeddable":true,"href":"https:\/\/www.eoperations.ch\/it\/wp-json\/wp\/v2\/tags?post=3400"}],"curies":[{"name":"wp","href":"https:\/\/api.w.org\/{rel}","templated":true}]}}